{"@context":"https:\/\/schema.org\/","@type":"CollectionPage","@id":"https:\/\/www.amoya.cz\/auto-moto\/#CollectionPage","headline":"Auto moto Category","description":"","url":"https:\/\/www.amoya.cz\/auto-moto\/","hasPart":[{"@type":"Article","@id":"https:\/\/www.amoya.cz\/proc-tak-casto-dochazi-k-nehodam-kamionu\/","headline":"Pro\u010d tak \u010dasto doch\u00e1z\u00ed k nehod\u00e1m kamion\u016f","url":"https:\/\/www.amoya.cz\/proc-tak-casto-dochazi-k-nehodam-kamionu\/","datePublished":"2024-06-30","dateModified":"2024-06-30","mainEntityOfPage":"https:\/\/www.amoya.cz\/proc-tak-casto-dochazi-k-nehodam-kamionu\/","author":{"@type":"Person","@id":"https:\/\/www.amoya.cz\/author\/#Person","name":"","url":"https:\/\/www.amoya.cz\/author\/","identifier":1,"image":{"@type":"ImageObject","@id":"https:\/\/secure.gravatar.com\/avatar\/4860d213c5bedfa07ff2b166ff7b069759f9dbf79eae813578c75f9f8cb939b7?s=96&d=mm&r=g","url":"https:\/\/secure.gravatar.com\/avatar\/4860d213c5bedfa07ff2b166ff7b069759f9dbf79eae813578c75f9f8cb939b7?s=96&d=mm&r=g","height":96,"width":96}},"publisher":{"@type":"Organization","name":"amoya.cz","logo":{"@type":"ImageObject","@id":"\/logo.png","url":"\/logo.png","width":600,"height":60}},"image":{"@type":"ImageObject","@id":"https:\/\/www.amoya.cz\/wp-content\/uploads\/auto21_10_10_4.jpg","url":"https:\/\/www.amoya.cz\/wp-content\/uploads\/auto21_10_10_4.jpg","height":0,"width":0},"keywords":null},{"@type":"Article","@id":"https:\/\/www.amoya.cz\/turbodmychadlo-neni-neznamy-pojem\/","headline":"Turbodmychadlo nen\u00ed nezn\u00e1m\u00fd pojem","url":"https:\/\/www.amoya.cz\/turbodmychadlo-neni-neznamy-pojem\/","datePublished":"2021-07-02","dateModified":"2023-05-04","mainEntityOfPage":"https:\/\/www.amoya.cz\/turbodmychadlo-neni-neznamy-pojem\/","author":{"@type":"Person","@id":"https:\/\/www.amoya.cz\/author\/#Person","name":"","url":"https:\/\/www.amoya.cz\/author\/","identifier":1,"image":{"@type":"ImageObject","@id":"https:\/\/secure.gravatar.com\/avatar\/4860d213c5bedfa07ff2b166ff7b069759f9dbf79eae813578c75f9f8cb939b7?s=96&d=mm&r=g","url":"https:\/\/secure.gravatar.com\/avatar\/4860d213c5bedfa07ff2b166ff7b069759f9dbf79eae813578c75f9f8cb939b7?s=96&d=mm&r=g","height":96,"width":96}},"publisher":{"@type":"Organization","name":"amoya.cz","logo":{"@type":"ImageObject","@id":"\/logo.png","url":"\/logo.png","width":600,"height":60}},"image":{"@type":"ImageObject","@id":"https:\/\/www.amoya.cz\/wp-content\/uploads\/repas_VFtPGj.jpg","url":"https:\/\/www.amoya.cz\/wp-content\/uploads\/repas_VFtPGj.jpg","height":0,"width":0},"keywords":null},{"@type":"Article","@id":"https:\/\/www.amoya.cz\/vzduchovy-podvozek-octavia-1\/","headline":"Vzduchov\u00fd podvozek Octavia 1","url":"https:\/\/www.amoya.cz\/vzduchovy-podvozek-octavia-1\/","datePublished":"2021-06-05","dateModified":"2023-08-17","mainEntityOfPage":"https:\/\/www.amoya.cz\/vzduchovy-podvozek-octavia-1\/","author":{"@type":"Person","@id":"https:\/\/www.amoya.cz\/author\/#Person","name":"","url":"https:\/\/www.amoya.cz\/author\/","identifier":1,"image":{"@type":"ImageObject","@id":"https:\/\/secure.gravatar.com\/avatar\/4860d213c5bedfa07ff2b166ff7b069759f9dbf79eae813578c75f9f8cb939b7?s=96&d=mm&r=g","url":"https:\/\/secure.gravatar.com\/avatar\/4860d213c5bedfa07ff2b166ff7b069759f9dbf79eae813578c75f9f8cb939b7?s=96&d=mm&r=g","height":96,"width":96}},"publisher":{"@type":"Organization","name":"amoya.cz","logo":{"@type":"ImageObject","@id":"\/logo.png","url":"\/logo.png","width":600,"height":60}},"image":{"@type":"ImageObject","@id":"https:\/\/www.amoya.cz\/wp-content\/uploads\/vzduchovy-podvozek-skoda-octavia-1-kombi-1u5_cxYHuT.jpg","url":"https:\/\/www.amoya.cz\/wp-content\/uploads\/vzduchovy-podvozek-skoda-octavia-1-kombi-1u5_cxYHuT.jpg","height":0,"width":0},"keywords":null},{"@type":"Article","@id":"https:\/\/www.amoya.cz\/celni-sklo-vozidla\/","headline":"\u010celn\u00ed sklo vozidla","url":"https:\/\/www.amoya.cz\/celni-sklo-vozidla\/","datePublished":"2020-02-07","dateModified":"2023-05-04","mainEntityOfPage":"https:\/\/www.amoya.cz\/celni-sklo-vozidla\/","author":{"@type":"Person","@id":"https:\/\/www.amoya.cz\/author\/#Person","name":"","url":"https:\/\/www.amoya.cz\/author\/","identifier":1,"image":{"@type":"ImageObject","@id":"https:\/\/secure.gravatar.com\/avatar\/4860d213c5bedfa07ff2b166ff7b069759f9dbf79eae813578c75f9f8cb939b7?s=96&d=mm&r=g","url":"https:\/\/secure.gravatar.com\/avatar\/4860d213c5bedfa07ff2b166ff7b069759f9dbf79eae813578c75f9f8cb939b7?s=96&d=mm&r=g","height":96,"width":96}},"publisher":{"@type":"Organization","name":"amoya.cz","logo":{"@type":"ImageObject","@id":"\/logo.png","url":"\/logo.png","width":600,"height":60}},"image":{"@type":"ImageObject","@id":"https:\/\/www.amoya.cz\/wp-content\/uploads\/img_a371637_w3081_t1582968160.jpg","url":"https:\/\/www.amoya.cz\/wp-content\/uploads\/img_a371637_w3081_t1582968160.jpg","height":0,"width":0},"keywords":null}]}