[{"@context":"https:\/\/schema.org\/","@type":"Article","@id":"https:\/\/www.amoya.cz\/erekce-neni-jen-tak\/#Article","mainEntityOfPage":"https:\/\/www.amoya.cz\/erekce-neni-jen-tak\/","headline":"Erekce nen\u00ed jen tak!","name":"Erekce nen\u00ed jen tak!","description":"Bohu\u017eel je dobr\u00e9 \u010das od \u010dasu \u017een\u00e1m p\u0159ipomenout (a mnohdy i mu\u017e\u016fm), \u017ee t\u011blo nen\u00ed ani zdaleka stroj a nebude zkr\u00e1tka d\u011blat to, co samo nem\u016f\u017ee a nechce. T\u011blo, i kdy\u017e ho do ur\u010dit\u00e9 m\u00edry ovl\u00e1d\u00e1me mysl\u00ed my, m\u00e1 i svoji hlavu, kterou prost\u011b pou\u017eije v krajn\u00edch situac\u00edch, kdy u\u017e je opravdu \u0161patn\u011b a pot\u0159ebuje [&hellip;]","datePublished":"2023-07-13","dateModified":"2023-07-13","author":{"@type":"Person","@id":"https:\/\/www.amoya.cz\/author\/#Person","name":"","url":"https:\/\/www.amoya.cz\/author\/","identifier":1,"image":{"@type":"ImageObject","@id":"https:\/\/secure.gravatar.com\/avatar\/4860d213c5bedfa07ff2b166ff7b069759f9dbf79eae813578c75f9f8cb939b7?s=96&d=mm&r=g","url":"https:\/\/secure.gravatar.com\/avatar\/4860d213c5bedfa07ff2b166ff7b069759f9dbf79eae813578c75f9f8cb939b7?s=96&d=mm&r=g","height":96,"width":96}},"publisher":{"@type":"Organization","name":"amoya.cz","logo":{"@type":"ImageObject","@id":"\/logo.png","url":"\/logo.png","width":600,"height":60}},"image":{"@type":"ImageObject","@id":"https:\/\/www.amoya.cz\/wp-content\/uploads\/nik-shuliahin-BuNWp1bL0nc-unsplash%20(2).jpg","url":"https:\/\/www.amoya.cz\/wp-content\/uploads\/nik-shuliahin-BuNWp1bL0nc-unsplash%20(2).jpg","height":0,"width":0},"url":"https:\/\/www.amoya.cz\/erekce-neni-jen-tak\/","about":["Podnik\u00e1n\u00ed"],"wordCount":471,"articleBody":"        Bohu\u017eel je dobr\u00e9 \u010das od \u010dasu \u017een\u00e1m p\u0159ipomenout (a mnohdy i mu\u017e\u016fm), \u017ee t\u011blo nen\u00ed ani zdaleka stroj a nebude zkr\u00e1tka d\u011blat to, co samo nem\u016f\u017ee a nechce. T\u011blo, i kdy\u017e ho do ur\u010dit\u00e9 m\u00edry ovl\u00e1d\u00e1me mysl\u00ed my, m\u00e1 i svoji hlavu, kterou prost\u011b pou\u017eije v krajn\u00edch situac\u00edch, kdy u\u017e je opravdu \u0161patn\u011b a pot\u0159ebuje n\u011bjakou kontrolu, kdy\u017e to my sami nezvl\u00e1dneme. V tomto p\u0159\u00edpad\u011b hraj\u00ed velkou roli reflexy, kter\u00e9 m\u00e1me od narozen\u00ed a jsou pot\u0159eba, jinak bychom u\u017e d\u00e1vno nep\u0159e\u017eili. Tyto reflexy v nebezpe\u010dn\u00fdch situac\u00edch pom\u00e1haj\u00ed \u0159\u00eddit t\u011blo, abychom t\u0159eba nezapomn\u011bli k\u00fdchnout, kdy\u017e se n\u00e1m n\u011bco dostane do nosn\u00ed sliznice, nebo t\u0159eba abychom automaticky vyzvraceli n\u011bco, co n\u00e1m nen\u00ed po chuti, nebo kdy\u017e u\u017e jsme potravy p\u0159ijali mnoho.   To v\u0161echno jsou reflexy, d\u00edky kter\u00fdm nemus\u00edme moc myslet na to, co v takov\u00fdch situac\u00edch d\u011blat, a nav\u00edc je t\u011blo pozn\u00e1 samo, tak\u017ee samo odhadne, kdy je dobr\u00e9 se vyzvracet a podobn\u011b. Za to bychom si t\u011bla m\u011bli o to v\u00edce v\u00e1\u017eit, proto\u017ee d\u00edky n\u011bmu jsme opravdu na\u017eivu, proto\u017ee mnoho lid\u00ed by nebylo schopn\u00fdch se o t\u011blo postarat tak, jak se o sebe samo star\u00e1. N\u011bkdy je ale dobr\u00e9 si uv\u011bdomit, \u017ee jsou v\u011bci, kter\u00e9 t\u011blo nezvl\u00e1dne a jsou zkr\u00e1tka na sv\u011bt\u011b i nemoci, kter\u00e9 n\u00e1s oslabuj\u00ed a t\u011blo d\u00edky nim t\u0159eba nen\u00ed schopn\u00e9 d\u011blat pro ostatn\u00ed t\u0159eba norm\u00e1ln\u00ed \u00fakony.  V tomto p\u0159\u00edpad\u011b ale mus\u00ed b\u00fdt n\u011bco v nepo\u0159\u00e1dku, proto\u017ee kdyby bylo v\u0161e v po\u0159\u00e1dku, t\u011blo by se takhle rozhodn\u011b nechovalo a je t\u0159eba tedy p\u0159em\u00fd\u0161let nad t\u00edm, \u017ee n\u011bco t\u011blu br\u00e1n\u00ed se o sebe starat samo. V t\u011bchto p\u0159\u00edpadech mu mus\u00edme pomoci n\u011bjak\u00fdmi l\u00e9ky a podobn\u011b. P\u0159\u00edpadem m\u016f\u017ee b\u00fdt nap\u0159\u00edklad erektiln\u00ed dysfunkce. V norm\u00e1ln\u00edch chv\u00edl\u00edch erekce prob\u00edh\u00e1 naprosto bezprobl\u00e9mov\u011b, ale pokud je s n\u00ed probl\u00e9m, tak k tomu m\u00e1 t\u011blo n\u011bjak\u00fd d\u016fvod. M\u016f\u017ee to b\u00fdt nervozita, m\u016f\u017ee se jednat o ztr\u00e1tu p\u0159ita\u017elivosti, m\u016f\u017ee se jednat o stres. V ka\u017ed\u00e9m p\u0159\u00edpad\u011b \u010dast\u00e1 neschopnost erekce by m\u011bla b\u00fdt l\u00e9\u010dena. Na trhu jsou l\u00e9ky jako Kamagra a Viagra, v na\u0161\u00ed zemi je ale t\u0159eba doj\u00edt k l\u00e9ka\u0159i, abyste l\u00e9ky na erektiln\u00ed dysfunkci z\u00edskali.                                                                                                                                                                                                                                                                                                                                                                                          4.7\/5 - (4 votes)        "},{"@context":"https:\/\/schema.org\/","@type":"BreadcrumbList","itemListElement":[{"@type":"ListItem","position":1,"name":"Erekce nen\u00ed jen tak!","item":"https:\/\/www.amoya.cz\/erekce-neni-jen-tak\/#breadcrumbitem"}]}]