[{"@context":"https:\/\/schema.org\/","@type":"Article","@id":"https:\/\/www.amoya.cz\/i-v-zime-chce-bazen-sve\/#Article","mainEntityOfPage":"https:\/\/www.amoya.cz\/i-v-zime-chce-bazen-sve\/","headline":"I v zim\u011b chce baz\u00e9n sv\u00e9","name":"I v zim\u011b chce baz\u00e9n sv\u00e9","description":"I kdy\u017e by se to leckomu nemuselo zd\u00e1t, je skute\u010dnost\u00ed, \u017ee takov\u00fd venkovn\u00ed baz\u00e9n vy\u017eaduje n\u00e1le\u017eitou p\u00e9\u010di nejen v dob\u011b, kdy je tento vyu\u017e\u00edv\u00e1n ke koup\u00e1n\u00ed, tedy p\u0159es l\u00e9to, ale i pot\u00e9, co sez\u00f3na kv\u016fli nadch\u00e1zej\u00edc\u00edmu chladnu skon\u010dila. Proto\u017ee i kdy\u017e nen\u00ed ani trochu pravd\u011bpodobn\u00e9, \u017ee by se \u0161el v nadch\u00e1zej\u00edc\u00edch m\u011bs\u00edc\u00edch je\u0161t\u011b n\u011bkdo koupat, [&hellip;]","datePublished":"2019-08-03","dateModified":"2023-05-04","author":{"@type":"Person","@id":"https:\/\/www.amoya.cz\/author\/#Person","name":"","url":"https:\/\/www.amoya.cz\/author\/","identifier":1,"image":{"@type":"ImageObject","@id":"https:\/\/secure.gravatar.com\/avatar\/4860d213c5bedfa07ff2b166ff7b069759f9dbf79eae813578c75f9f8cb939b7?s=96&d=mm&r=g","url":"https:\/\/secure.gravatar.com\/avatar\/4860d213c5bedfa07ff2b166ff7b069759f9dbf79eae813578c75f9f8cb939b7?s=96&d=mm&r=g","height":96,"width":96}},"publisher":{"@type":"Organization","name":"amoya.cz","logo":{"@type":"ImageObject","@id":"\/logo.png","url":"\/logo.png","width":600,"height":60}},"image":{"@type":"ImageObject","@id":"https:\/\/www.amoya.cz\/wp-content\/uploads\/img_a363086_w3081_t1575903775.jpg","url":"https:\/\/www.amoya.cz\/wp-content\/uploads\/img_a363086_w3081_t1575903775.jpg","height":0,"width":0},"url":"https:\/\/www.amoya.cz\/i-v-zime-chce-bazen-sve\/","about":["Zbo\u017e\u00ed"],"wordCount":434,"articleBody":"        I kdy\u017e by se to leckomu nemuselo zd\u00e1t, je skute\u010dnost\u00ed, \u017ee takov\u00fd venkovn\u00ed baz\u00e9n vy\u017eaduje n\u00e1le\u017eitou p\u00e9\u010di nejen v dob\u011b, kdy je tento vyu\u017e\u00edv\u00e1n ke koup\u00e1n\u00ed, tedy p\u0159es l\u00e9to, ale i pot\u00e9, co sez\u00f3na kv\u016fli nadch\u00e1zej\u00edc\u00edmu chladnu skon\u010dila. Proto\u017ee i kdy\u017e nen\u00ed ani trochu pravd\u011bpodobn\u00e9, \u017ee by se \u0161el v nadch\u00e1zej\u00edc\u00edch m\u011bs\u00edc\u00edch je\u0161t\u011b n\u011bkdo koupat, je t\u0159eba se postarat, aby tu v\u0161e p\u0159e\u017eilo zimu bez \u00fahony a aby nevznikly probl\u00e9my ani pot\u00e9, co tato skon\u010d\u00ed a znovu se otepl\u00ed. Probl\u00e9my toti\u017e mohou vznikat i v zim\u011b. A mohly by b\u00fdt dokonce je\u0161t\u011b daleko z\u00e1va\u017en\u011bj\u0161\u00ed ne\u017e v l\u00e9t\u011b, ne-li p\u0159\u00edmo devastuj\u00edc\u00ed. Jako prvn\u00ed tak je t\u0159eba zkontrolovat stav vody, je\u017e se v t\u00e9to n\u00e1dr\u017ei nach\u00e1z\u00ed, a podle pot\u0159eby do n\u00ed dodat b\u011b\u017enou baz\u00e9novou chemii, tedy p\u0159\u00edpravky na b\u00e1zi chl\u00f3ru nebo kysl\u00edku, likviduj\u00edc\u00ed mikroorganismy, a ty ovliv\u0148uj\u00edc\u00ed kyselost vody. Proto\u017ee i v chladu by se tu mohl p\u0159emno\u017eit kdejak\u00fd prev\u00edt. Pak je t\u0159eba podle pot\u0159eby odstranit n\u00e1nosy kde\u010deho, je\u017e se usadily na dn\u011b a st\u011bn\u00e1ch n\u00e1dr\u017ee, respektive ty pluj\u00edc\u00ed ve vod\u011b. Proto\u017ee ani ty tu nejsou \u017e\u00e1douc\u00ed a je tak t\u0159eba se jich zbavit a nechat je odfiltrovat. Pot\u00e9 je t\u0159eba upustit vodu, aby jej\u00ed hladina sahala n\u00ed\u017e, ne\u017e je otvor vedouc\u00ed do filtrace. To aby ani toto m\u00edsto nedoznalo v zim\u011b \u00fahony nebo se v n\u011bm kdeco nenamno\u017eilo. Do zbyl\u00e9 vody je t\u0159eba p\u0159idat zazimova\u010d, tedy p\u0159\u00edpravek, jen\u017e udr\u017e\u00ed vodu kvalitn\u00ed po celou zimu. A aby bylo zazimov\u00e1n\u00ed nadzemn\u00edho baz\u00e9nu https:\/\/eshop.techneco.eu\/clanek-Zazimovani-bazenu-strucny-navod kompletn\u00ed, je t\u0159eba i odmontovat v\u0161e, co je ve vod\u011b, vy\u010distit to, usu\u0161it a do p\u0159\u00ed\u0161t\u00ed sez\u00f3ny vhodn\u011b ulo\u017eit. A nahradit to dilata\u010dn\u00edmi plov\u00e1ky, je\u017e chr\u00e1n\u00ed st\u011bny baz\u00e9nu p\u0159ed rozp\u00edn\u00e1n\u00edm ledu a t\u00edm potrh\u00e1n\u00edm. A a\u017e pot\u00e9, co se v\u0161e zm\u00edn\u011bn\u00e9 uskute\u010dn\u00ed a baz\u00e9n se zakryje kryc\u00ed plachtou, si m\u016f\u017ee majitel baz\u00e9nu j\u00edt po sv\u00fdch a na baz\u00e9n \u201azapomenout\u2018. A\u017e pak je toti\u017e jist\u00e9, \u017ee se se sv\u00fdm baz\u00e9nem po zim\u011b zase \u0161\u0165astn\u011b shled\u00e1.                                                                                                                                                                                                                                                                                                                                                                                          3.8\/5 - (6 votes)        "},{"@context":"https:\/\/schema.org\/","@type":"BreadcrumbList","itemListElement":[{"@type":"ListItem","position":1,"name":"I v zim\u011b chce baz\u00e9n sv\u00e9","item":"https:\/\/www.amoya.cz\/i-v-zime-chce-bazen-sve\/#breadcrumbitem"}]}]