[{"@context":"https:\/\/schema.org\/","@type":"Article","@id":"https:\/\/www.amoya.cz\/mate-radi-sve-soukromi\/#Article","mainEntityOfPage":"https:\/\/www.amoya.cz\/mate-radi-sve-soukromi\/","headline":"M\u00e1te r\u00e1di sv\u00e9 soukrom\u00ed?","name":"M\u00e1te r\u00e1di sv\u00e9 soukrom\u00ed?","description":"Napadlo v\u00e1s u\u017e n\u011bkdy, \u017ee byste svou chatu nebo chalupu pronajali jin\u00fdm lidem? Tato my\u0161lenka nar\u00e1\u017e\u00ed na ur\u010dit\u00e1 \u00faskal\u00ed. Pokud m\u00e1te r\u00e1di sv\u00e9 soukrom\u00ed a nehodl\u00e1te se s n\u011bj s nik\u00fdm d\u011blit, je to jednozna\u010dn\u00e9. Va\u0161e chata chalupa mus\u00ed spl\u0148ovat ur\u010dit\u00e9 podm\u00ednky, abyste ji mohli pronaj\u00edmat. Dokonce ani nemus\u00edte b\u00fdt v\u00e1z\u00e1ni smlouvou o trval\u00e9m pron\u00e1jmu [&hellip;]","datePublished":"2024-05-01","dateModified":"2024-05-01","author":{"@type":"Person","@id":"https:\/\/www.amoya.cz\/author\/#Person","name":"","url":"https:\/\/www.amoya.cz\/author\/","identifier":1,"image":{"@type":"ImageObject","@id":"https:\/\/secure.gravatar.com\/avatar\/4860d213c5bedfa07ff2b166ff7b069759f9dbf79eae813578c75f9f8cb939b7?s=96&d=mm&r=g","url":"https:\/\/secure.gravatar.com\/avatar\/4860d213c5bedfa07ff2b166ff7b069759f9dbf79eae813578c75f9f8cb939b7?s=96&d=mm&r=g","height":96,"width":96}},"publisher":{"@type":"Organization","name":"amoya.cz","logo":{"@type":"ImageObject","@id":"\/logo.png","url":"\/logo.png","width":600,"height":60}},"url":"https:\/\/www.amoya.cz\/mate-radi-sve-soukromi\/","wordCount":164,"articleBody":"Napadlo v\u00e1s u\u017e n\u011bkdy, \u017ee byste svou chatu nebo chalupu pronajali jin\u00fdm lidem? Tato my\u0161lenka nar\u00e1\u017e\u00ed na ur\u010dit\u00e1 \u00faskal\u00ed. Pokud m\u00e1te r\u00e1di sv\u00e9 soukrom\u00ed a nehodl\u00e1te se s n\u011bj s nik\u00fdm d\u011blit, je to jednozna\u010dn\u00e9. Va\u0161e chata chalupa mus\u00ed spl\u0148ovat ur\u010dit\u00e9 podm\u00ednky, abyste ji mohli pronaj\u00edmat.Dokonce ani nemus\u00edte b\u00fdt v\u00e1z\u00e1ni smlouvou o trval\u00e9m pron\u00e1jmu a m\u016f\u017eete si obsazen\u00ed sv\u00e9 chaty nebo chalupy koordinovat sami, dle sv\u00fdch pot\u0159eb. Pro\u010d by nemohla va\u0161e chata chalupa slou\u017eit tak\u00e9 jin\u00fdm.\tUbytov\u00e1n\u00ed kdekoliv v \u010cesk\u00e9 republiceUbytujte se kdekoliv na \u00fazem\u00ed \u010cesk\u00e9 republiky, nebo dokonce na Slovensku. Na\u0161e chata chalupa, to je z\u00e1ruka pozn\u00e1v\u00e1n\u00ed nov\u00fdch m\u00edst, kter\u00e1 jste dosud je\u0161t\u011b neza\u017eili. Je t\u0159eba zn\u00e1t nejen zahrani\u010dn\u00ed pl\u00e1\u017ee, ale tak\u00e9 kr\u00e1sy sv\u00e9 rodn\u00e9 zem\u011b.                                                                                                                                                                                                                                                                                                                                                                                        4.2\/5 - (4 votes)        "},{"@context":"https:\/\/schema.org\/","@type":"BreadcrumbList","itemListElement":[{"@type":"ListItem","position":1,"name":"M\u00e1te r\u00e1di sv\u00e9 soukrom\u00ed?","item":"https:\/\/www.amoya.cz\/mate-radi-sve-soukromi\/#breadcrumbitem"}]}]