[{"@context":"https:\/\/schema.org\/","@type":"Article","@id":"https:\/\/www.amoya.cz\/nove-cerpadlo\/#Article","mainEntityOfPage":"https:\/\/www.amoya.cz\/nove-cerpadlo\/","headline":"Nov\u00e9 \u010derpadlo","name":"Nov\u00e9 \u010derpadlo","description":"Byla jsem r\u00e1da, kdy\u017e jsem se dozv\u011bd\u011bla, \u017ee m\u016fj p\u0159\u00edtel u\u017e chce kone\u010dn\u011b koupit a po\u0159\u00eddit n\u00e1m nov\u00e9 tepeln\u00e9 \u010derpadlo z Plzn\u011b. S p\u0159\u00edtelem jsme se toti\u017e p\u0159ed rokem p\u0159est\u011bhovali z Brna do Plzn\u011b, kde jsme m\u011bli oba dva z\u00edskat lep\u0161\u00ed pr\u00e1ci. Byla jsem r\u00e1da, dv\u011b se n\u00e1m to povedlo. Nejv\u00edce jsem z toho t\u011b\u017eila [&hellip;]","datePublished":"2022-12-27","dateModified":"2024-02-01","author":{"@type":"Person","@id":"https:\/\/www.amoya.cz\/author\/#Person","name":"","url":"https:\/\/www.amoya.cz\/author\/","identifier":1,"image":{"@type":"ImageObject","@id":"https:\/\/secure.gravatar.com\/avatar\/4860d213c5bedfa07ff2b166ff7b069759f9dbf79eae813578c75f9f8cb939b7?s=96&d=mm&r=g","url":"https:\/\/secure.gravatar.com\/avatar\/4860d213c5bedfa07ff2b166ff7b069759f9dbf79eae813578c75f9f8cb939b7?s=96&d=mm&r=g","height":96,"width":96}},"publisher":{"@type":"Organization","name":"amoya.cz","logo":{"@type":"ImageObject","@id":"\/logo.png","url":"\/logo.png","width":600,"height":60}},"image":{"@type":"ImageObject","@id":"https:\/\/www.amoya.cz\/wp-content\/uploads\/oil-pump-51658_960_720_1.jpg","url":"https:\/\/www.amoya.cz\/wp-content\/uploads\/oil-pump-51658_960_720_1.jpg","height":0,"width":0},"url":"https:\/\/www.amoya.cz\/nove-cerpadlo\/","about":["Podnik\u00e1n\u00ed"],"wordCount":412,"articleBody":"   Byla jsem r\u00e1da, kdy\u017e jsem se dozv\u011bd\u011bla, \u017ee m\u016fj p\u0159\u00edtel u\u017e chce kone\u010dn\u011b koupit a po\u0159\u00eddit n\u00e1m nov\u00e9 tepeln\u00e9 \u010derpadlo z Plzn\u011b. S p\u0159\u00edtelem jsme se toti\u017e p\u0159ed rokem p\u0159est\u011bhovali z Brna do Plzn\u011b, kde jsme m\u011bli oba dva z\u00edskat lep\u0161\u00ed pr\u00e1ci. Byla jsem r\u00e1da, dv\u011b se n\u00e1m to povedlo. Nejv\u00edce jsem z toho t\u011b\u017eila j\u00e1, proto\u017ee pr\u00e1v\u011b v Plzni bydl\u00ed taky moje rodina a nejlep\u0161\u00ed kamar\u00e1dka, tak\u017ee jsem byla opravdu moc r\u00e1da, \u017ee jsme se tam s p\u0159\u00edtelem zase vr\u00e1tili. Proto\u017ee opravdu nen\u00ed od v\u011bci se vr\u00e1tit do sv\u00e9ho rodn\u00e9ho hn\u00edzda. Je to opravdu hodn\u011b bav\u00ed a v\u017edycky jsem si cel\u00fd \u017eivot v Brn\u011b \u0159\u00edkala, \u017ee se stejn\u011b jednoho dne op\u011bt vr\u00e1t\u00edm do Brna. A proto, aby se n\u00e1m tam s p\u0159\u00edtelem \u017ee ho opravdu p\u011bkn\u011b, tak p\u0159\u00edtel rozhodl, \u017ee si po\u0159\u00edd\u00edme \u00fapln\u011b nov\u00e9 tepeln\u00e9 \u010derpadlo z Plzn\u011b. Nejsem proti tomu a n\u00e1mitky jsem nem\u011bla v\u016fbec \u017e\u00e1dn\u00e9, proto\u017ee kdy\u017e se jedn\u00e1 o bydlen\u00ed, tak jsem opravdu schopn\u00e1 do toho investovat hodn\u011b pen\u011bz. V\u017edy\u0165 do \u010deho jin\u00e9ho by se m\u011bli investovat pen\u00edze, ne\u017e do bydlen\u00ed? Podle m\u00e9ho n\u00e1zoru i moje m\u00e1ma \u0159\u00edk\u00e1, \u017ee kdy\u017e \u010dlov\u011bk nev\u00ed opravdu co s pen\u011bzi, tak by m\u011bl nejl\u00e9pe investovat do bydlen\u00ed anebo na charitu. J\u00e1 s t\u00edm naprosto souhlas\u00edm a mysl\u00edm si, \u017ee takhle by to m\u011blo d\u011blat opravdu mnoho lid\u00ed. Samoz\u0159ejm\u011b, \u017ee taky mus\u00edte db\u00e1t na kvalitu tepeln\u00e9ho \u010derpadla. M\u016f\u017eete se pod\u00edvat t\u0159eba na r\u016fzn\u00e9 webov\u00e9 str\u00e1nky sunus.cz, kde najdete opravdu mnoho informac\u00ed a taky typy, jak se starat o tepeln\u00e9 \u010derpadlo. A pokud jsme u\u017e u tepeln\u00e9ho \u010derpadla, tak jak\u00e9 byste po\u0159\u00eddili vy? J\u00e1 jsem zjistila, \u017ee takov\u00fdch podobn\u00fdch \u010derpadel je opravdu mnoho a jsou taky r\u016fzn\u00e9 druhy a velikosti. byla jsem p\u0159ekvapen\u00e1, pot\u00ed\u017ee jsem nebyla schopn\u00e1 nikomu vysv\u011btlit, jak\u00e9 tepeln\u00e9 \u010derpadlo z Plzn\u011b si vlastn\u011b s p\u0159\u00edtelem po\u0159\u00edd\u00edme. Ale nakonec v\u017edy\u0165 je to p\u0159eci jedno. J\u00e1 jsme n\u00e1kup tepeln\u00e9ho \u010derpadla nechala na p\u0159\u00edteli, tak\u017ee j\u00e1 jsem na\u0161t\u011bst\u00ed z obliga.                                                                                                                                                                                                                                                                                                                                                                                          4.7\/5 - (3 votes)        "},{"@context":"https:\/\/schema.org\/","@type":"BreadcrumbList","itemListElement":[{"@type":"ListItem","position":1,"name":"Nov\u00e9 \u010derpadlo","item":"https:\/\/www.amoya.cz\/nove-cerpadlo\/#breadcrumbitem"}]}]