[{"@context":"https:\/\/schema.org\/","@type":"Article","@id":"https:\/\/www.amoya.cz\/nuzkove-stany-mobilni-a-vyrazne-reseni-pro-prodej-a-prezentaci-na-venkovnich-akcich\/#Article","mainEntityOfPage":"https:\/\/www.amoya.cz\/nuzkove-stany-mobilni-a-vyrazne-reseni-pro-prodej-a-prezentaci-na-venkovnich-akcich\/","headline":"N\u016f\u017ekov\u00e9 stany: Mobiln\u00ed a v\u00fdrazn\u00e9 \u0159e\u0161en\u00ed pro prodej a prezentaci na venkovn\u00edch akc\u00edch","name":"N\u016f\u017ekov\u00e9 stany: Mobiln\u00ed a v\u00fdrazn\u00e9 \u0159e\u0161en\u00ed pro prodej a prezentaci na venkovn\u00edch akc\u00edch","description":"N\u016f\u017ekov\u00e9 stany jsou mobiln\u00ed prodejn\u00ed st\u00e1nky, kter\u00e9 jsou pojmenov\u00e1ny podle sv\u00e9 charakteristick\u00e9 podoby, kter\u00e1 p\u0159ipom\u00edn\u00e1 otev\u0159en\u00e9 n\u016f\u017eky. Tyto st\u00e1nky jsou obl\u00edben\u00e9 v r\u016fzn\u00fdch odv\u011btv\u00edch podnik\u00e1n\u00ed a vyu\u017e\u00edvaj\u00ed se na venkovn\u00edch akc\u00edch, festivalech, trz\u00edch, veletrz\u00edch a dal\u0161\u00edch m\u00edstech, kde je pot\u0159eba rychle a snadno poskytnout prodejn\u00ed nebo prezentativn\u00ed m\u00edsto. Charakteristick\u00e9 vlastnosti n\u016f\u017ekov\u00fdch stan\u016f: Mobiln\u00ed konstrukce: N\u016f\u017ekov\u00e9 [&hellip;]","datePublished":"2023-07-17","dateModified":"2023-08-02","author":{"@type":"Person","@id":"https:\/\/www.amoya.cz\/author\/#Person","name":"","url":"https:\/\/www.amoya.cz\/author\/","identifier":1,"image":{"@type":"ImageObject","@id":"https:\/\/secure.gravatar.com\/avatar\/4860d213c5bedfa07ff2b166ff7b069759f9dbf79eae813578c75f9f8cb939b7?s=96&d=mm&r=g","url":"https:\/\/secure.gravatar.com\/avatar\/4860d213c5bedfa07ff2b166ff7b069759f9dbf79eae813578c75f9f8cb939b7?s=96&d=mm&r=g","height":96,"width":96}},"publisher":{"@type":"Organization","name":"amoya.cz","logo":{"@type":"ImageObject","@id":"\/logo.png","url":"\/logo.png","width":600,"height":60}},"image":{"@type":"ImageObject","@id":"https:\/\/www.amoya.cz\/wp-content\/uploads\/stan_pHaNDJ.jpg","url":"https:\/\/www.amoya.cz\/wp-content\/uploads\/stan_pHaNDJ.jpg","height":0,"width":0},"url":"https:\/\/www.amoya.cz\/nuzkove-stany-mobilni-a-vyrazne-reseni-pro-prodej-a-prezentaci-na-venkovnich-akcich\/","about":["Zbo\u017e\u00ed"],"wordCount":503,"articleBody":"      N\u016f\u017ekov\u00e9 stany jsou mobiln\u00ed prodejn\u00ed st\u00e1nky, kter\u00e9 jsou pojmenov\u00e1ny podle sv\u00e9 charakteristick\u00e9 podoby, kter\u00e1 p\u0159ipom\u00edn\u00e1 otev\u0159en\u00e9 n\u016f\u017eky. Tyto st\u00e1nky jsou obl\u00edben\u00e9 v r\u016fzn\u00fdch odv\u011btv\u00edch podnik\u00e1n\u00ed a vyu\u017e\u00edvaj\u00ed se na venkovn\u00edch akc\u00edch, festivalech, trz\u00edch, veletrz\u00edch a dal\u0161\u00edch m\u00edstech, kde je pot\u0159eba rychle a snadno poskytnout prodejn\u00ed nebo prezentativn\u00ed m\u00edsto. Charakteristick\u00e9 vlastnosti n\u016f\u017ekov\u00fdch stan\u016f: Mobiln\u00ed konstrukce: N\u016f\u017ekov\u00e9 stany jsou navr\u017eeny tak, aby byly snadno p\u0159enosn\u00e9. Maj\u00ed lehkou a pevnou konstrukci umo\u017e\u0148uj\u00edc\u00ed snadnou manipulaci a rychl\u00e9 sestaven\u00ed na m\u00edst\u011b ur\u010den\u00ed. Skl\u00e1dac\u00ed mechanismus: N\u016f\u017ekov\u00e9 stany maj\u00ed praktick\u00fd skl\u00e1dac\u00ed design, co\u017e umo\u017e\u0148uje rychl\u00e9 a snadn\u00e9 slo\u017een\u00ed na men\u0161\u00ed rozm\u011bry. D\u00edky tomu je lze snadno p\u0159ev\u00e1\u017eet a skladovat bez pot\u0159eby velk\u00e9ho m\u00edsta.  Reklamn\u00ed plocha: Na n\u016f\u017ekov\u00fdch st\u00e1nc\u00edch lze um\u00edstit reklamn\u00ed bannery, plachty nebo loga, co\u017e pom\u00e1h\u00e1 zv\u00fd\u0161it viditelnost a p\u0159il\u00e1kat pozornost z\u00e1kazn\u00edk\u016f. V\u00edce\u00fa\u010delovost: N\u016f\u017ekov\u00e9 stany jsou vhodn\u00e9 pro r\u016fzn\u00e9 typy prodeje, jako jsou potraviny, n\u00e1poje, ob\u010derstven\u00ed, oble\u010den\u00ed, suven\u00fdry a dal\u0161\u00ed zbo\u017e\u00ed. Jsou tak\u00e9 \u010dasto vyu\u017e\u00edv\u00e1ny jako mobiln\u00ed kav\u00e1rny nebo m\u00edsta pro prezentaci zbo\u017e\u00ed a slu\u017eeb. Ochrana p\u0159ed pov\u011btrnostn\u00edmi podm\u00ednkami: N\u016f\u017ekov\u00e9 stany jsou obvykle odoln\u00e9 v\u016f\u010di pov\u011btrnostn\u00edm podm\u00ednk\u00e1m, jako jsou d\u00e9\u0161\u0165, v\u00edtr nebo slunce. To zaji\u0161\u0165uje ochranu prodejn\u00edho zbo\u017e\u00ed a pohodl\u00ed pro z\u00e1kazn\u00edky. Vyu\u017eit\u00ed n\u016f\u017ekov\u00fdch stan\u016f: Street food a ob\u010derstven\u00ed: N\u016f\u017ekov\u00e9 stany jsou ide\u00e1ln\u00ed pro mobiln\u00ed prodej r\u016fzn\u00fdch druh\u016f j\u00eddel a ob\u010derstven\u00ed. Od food truck\u016f s rychl\u00fdm ob\u010derstven\u00edm a\u017e po st\u00e1nky s exotickou kuchyn\u00ed, n\u016f\u017ekov\u00e9 stany umo\u017e\u0148uj\u00ed podnikatel\u016fm oslovit z\u00e1kazn\u00edky na r\u016fzn\u00fdch m\u00edstech. Mobiln\u00ed kav\u00e1rny: Mnoho kav\u00e1ren a k\u00e1vovar\u016f vyu\u017e\u00edv\u00e1 n\u016f\u017ekov\u00e9 stany pro poskytov\u00e1n\u00ed k\u00e1vy, \u010daje a dezert\u016f na r\u016fzn\u00fdch akc\u00edch nebo turisticky atraktivn\u00edch m\u00edstech.  Prod\u00e1vaj\u00edc\u00ed suven\u00fdry a d\u00e1rky: N\u016f\u017ekov\u00e9 stany jsou \u010dasto vyu\u017e\u00edv\u00e1ny na trz\u00edch a turisticky frekventovan\u00fdch m\u00edstech pro prodej suven\u00fdr\u016f, d\u00e1rk\u016f a ru\u010dn\u00edch v\u00fdrobk\u016f. Prezentace na veletrz\u00edch a akc\u00edch: Firmy a organizace vyu\u017e\u00edvaj\u00ed n\u016f\u017ekov\u00e9 stany jako prezentativn\u00ed m\u00edsta na veletrz\u00edch, festivalech a r\u016fzn\u00fdch akc\u00edch, kde mohou prezentovat sv\u00e9 produkty a slu\u017eby. Charitativn\u00ed aktivity: N\u011bkter\u00e9 charitativn\u00ed organizace pou\u017e\u00edvaj\u00ed n\u016f\u017ekov\u00e9 stany pro propagaci a z\u00edsk\u00e1v\u00e1n\u00ed podpory pro sv\u00e9 dobro\u010dinn\u00e9 projekty. N\u016f\u017ekov\u00e9 stany p\u0159edstavuj\u00ed v\u00fdhodn\u00e9 a efektivn\u00ed \u0159e\u0161en\u00ed pro mobiln\u00ed prodej a prezentaci. Jsou obl\u00edben\u00e9 u podnikatel\u016f, kte\u0159\u00ed cht\u011bj\u00ed oslovit nov\u00e9 z\u00e1kazn\u00edky a poskytnout jim zaj\u00edmav\u00fd a interaktivn\u00ed z\u00e1\u017eitek.                                                                                                                                                                                                                                                                                                                                                                                          4.2\/5 - (9 votes)        "},{"@context":"https:\/\/schema.org\/","@type":"BreadcrumbList","itemListElement":[{"@type":"ListItem","position":1,"name":"N\u016f\u017ekov\u00e9 stany: Mobiln\u00ed a v\u00fdrazn\u00e9 \u0159e\u0161en\u00ed pro prodej a prezentaci na venkovn\u00edch akc\u00edch","item":"https:\/\/www.amoya.cz\/nuzkove-stany-mobilni-a-vyrazne-reseni-pro-prodej-a-prezentaci-na-venkovnich-akcich\/#breadcrumbitem"}]}]