[{"@context":"https:\/\/schema.org\/","@type":"Blog","@id":"https:\/\/www.amoya.cz#Blog","headline":"Amoya","description":"\nNev\u011b\u0159te v\u0161emu, co n\u011bkde od n\u011bkoho zaslechnete. Klepy nejsou dobr\u00fdm zdrojem v\u011bd\u011bn\u00ed. Ale klidn\u011b v\u011b\u0159te tomu, co v\u00e1m p\u0159edstav\u00edme na na\u0161\u00ed internetov\u00e9 str\u00e1nce.","url":"https:\/\/www.amoya.cz","hasPart":[{"@type":"Article","@id":"https:\/\/www.amoya.cz\/aby-byli-vsichni-zdravi\/","headline":"Aby byli v\u0161ichni zdrav\u00ed","url":"https:\/\/www.amoya.cz\/aby-byli-vsichni-zdravi\/","datePublished":"2023-07-07","dateModified":"2023-07-07","mainEntityOfPage":"https:\/\/www.amoya.cz\/aby-byli-vsichni-zdravi\/","author":{"@type":"Person","@id":"https:\/\/www.amoya.cz\/author\/#Person","name":"","url":"https:\/\/www.amoya.cz\/author\/","identifier":1,"image":{"@type":"ImageObject","@id":"https:\/\/secure.gravatar.com\/avatar\/4860d213c5bedfa07ff2b166ff7b069759f9dbf79eae813578c75f9f8cb939b7?s=96&d=mm&r=g","url":"https:\/\/secure.gravatar.com\/avatar\/4860d213c5bedfa07ff2b166ff7b069759f9dbf79eae813578c75f9f8cb939b7?s=96&d=mm&r=g","height":96,"width":96}},"publisher":{"@type":"Organization","name":"amoya.cz","logo":{"@type":"ImageObject","@id":"\/logo.png","url":"\/logo.png","width":600,"height":60}},"image":null,"wordCount":297,"keywords":null},{"@type":"Article","@id":"https:\/\/www.amoya.cz\/proc-si-sjednat-cestovni-pojisteni-pri-pobytu-v-tatrach\/","headline":"Pro\u010d si sjednat cestovn\u00ed poji\u0161t\u011bn\u00ed p\u0159i pobytu v Tatr\u00e1ch","url":"https:\/\/www.amoya.cz\/proc-si-sjednat-cestovni-pojisteni-pri-pobytu-v-tatrach\/","datePublished":"2023-06-08","dateModified":"2023-06-09","mainEntityOfPage":"https:\/\/www.amoya.cz\/proc-si-sjednat-cestovni-pojisteni-pri-pobytu-v-tatrach\/","author":{"@type":"Person","@id":"https:\/\/www.amoya.cz\/author\/#Person","name":"","url":"https:\/\/www.amoya.cz\/author\/","identifier":1,"image":{"@type":"ImageObject","@id":"https:\/\/secure.gravatar.com\/avatar\/4860d213c5bedfa07ff2b166ff7b069759f9dbf79eae813578c75f9f8cb939b7?s=96&d=mm&r=g","url":"https:\/\/secure.gravatar.com\/avatar\/4860d213c5bedfa07ff2b166ff7b069759f9dbf79eae813578c75f9f8cb939b7?s=96&d=mm&r=g","height":96,"width":96}},"publisher":{"@type":"Organization","name":"amoya.cz","logo":{"@type":"ImageObject","@id":"\/logo.png","url":"\/logo.png","width":600,"height":60}},"image":{"@type":"ImageObject","@id":"https:\/\/www.amoya.cz\/wp-content\/uploads\/maksym-harbar-Gh28UI8VW_w-unsplash.jpg","url":"https:\/\/www.amoya.cz\/wp-content\/uploads\/maksym-harbar-Gh28UI8VW_w-unsplash.jpg","height":0,"width":0},"wordCount":493,"keywords":null},{"@type":"Article","@id":"https:\/\/www.amoya.cz\/preprava-masa\/","headline":"P\u0159eprava masa","url":"https:\/\/www.amoya.cz\/preprava-masa\/","datePublished":"2023-05-28","dateModified":"2023-07-21","mainEntityOfPage":"https:\/\/www.amoya.cz\/preprava-masa\/","author":{"@type":"Person","@id":"https:\/\/www.amoya.cz\/author\/#Person","name":"","url":"https:\/\/www.amoya.cz\/author\/","identifier":1,"image":{"@type":"ImageObject","@id":"https:\/\/secure.gravatar.com\/avatar\/4860d213c5bedfa07ff2b166ff7b069759f9dbf79eae813578c75f9f8cb939b7?s=96&d=mm&r=g","url":"https:\/\/secure.gravatar.com\/avatar\/4860d213c5bedfa07ff2b166ff7b069759f9dbf79eae813578c75f9f8cb939b7?s=96&d=mm&r=g","height":96,"width":96}},"publisher":{"@type":"Organization","name":"amoya.cz","logo":{"@type":"ImageObject","@id":"\/logo.png","url":"\/logo.png","width":600,"height":60}},"image":{"@type":"ImageObject","@id":"https:\/\/www.amoya.cz\/wp-content\/uploads\/ground-meat-1747910_1280.jpg","url":"https:\/\/www.amoya.cz\/wp-content\/uploads\/ground-meat-1747910_1280.jpg","height":0,"width":0},"wordCount":570,"keywords":null},{"@type":"Article","@id":"https:\/\/www.amoya.cz\/stan-neni-jen-na-kempovani\/","headline":"Stan nen\u00ed jen na kempov\u00e1n\u00ed","url":"https:\/\/www.amoya.cz\/stan-neni-jen-na-kempovani\/","datePublished":"2023-05-22","dateModified":"2023-05-31","mainEntityOfPage":"https:\/\/www.amoya.cz\/stan-neni-jen-na-kempovani\/","author":{"@type":"Person","@id":"https:\/\/www.amoya.cz\/author\/#Person","name":"","url":"https:\/\/www.amoya.cz\/author\/","identifier":1,"image":{"@type":"ImageObject","@id":"https:\/\/secure.gravatar.com\/avatar\/4860d213c5bedfa07ff2b166ff7b069759f9dbf79eae813578c75f9f8cb939b7?s=96&d=mm&r=g","url":"https:\/\/secure.gravatar.com\/avatar\/4860d213c5bedfa07ff2b166ff7b069759f9dbf79eae813578c75f9f8cb939b7?s=96&d=mm&r=g","height":96,"width":96}},"publisher":{"@type":"Organization","name":"amoya.cz","logo":{"@type":"ImageObject","@id":"\/logo.png","url":"\/logo.png","width":600,"height":60}},"image":{"@type":"ImageObject","@id":"https:\/\/www.amoya.cz\/wp-content\/uploads\/ssss_6.jpg","url":"https:\/\/www.amoya.cz\/wp-content\/uploads\/ssss_6.jpg","height":0,"width":0},"wordCount":705,"keywords":null},{"@type":"Article","@id":"https:\/\/www.amoya.cz\/soukromi-za-betonovym-plotem\/","headline":"Soukrom\u00ed za betonov\u00fdm plotem","url":"https:\/\/www.amoya.cz\/soukromi-za-betonovym-plotem\/","datePublished":"2023-05-20","dateModified":"2024-03-16","mainEntityOfPage":"https:\/\/www.amoya.cz\/soukromi-za-betonovym-plotem\/","author":{"@type":"Person","@id":"https:\/\/www.amoya.cz\/author\/#Person","name":"","url":"https:\/\/www.amoya.cz\/author\/","identifier":1,"image":{"@type":"ImageObject","@id":"https:\/\/secure.gravatar.com\/avatar\/4860d213c5bedfa07ff2b166ff7b069759f9dbf79eae813578c75f9f8cb939b7?s=96&d=mm&r=g","url":"https:\/\/secure.gravatar.com\/avatar\/4860d213c5bedfa07ff2b166ff7b069759f9dbf79eae813578c75f9f8cb939b7?s=96&d=mm&r=g","height":96,"width":96}},"publisher":{"@type":"Organization","name":"amoya.cz","logo":{"@type":"ImageObject","@id":"\/logo.png","url":"\/logo.png","width":600,"height":60}},"image":{"@type":"ImageObject","@id":"https:\/\/www.amoya.cz\/wp-content\/uploads\/rooster-8082019_640.jpg","url":"https:\/\/www.amoya.cz\/wp-content\/uploads\/rooster-8082019_640.jpg","height":0,"width":0},"wordCount":560,"keywords":null},{"@type":"Article","@id":"https:\/\/www.amoya.cz\/prilezitost-kterou-musite-vyuzit\/","headline":"P\u0159\u00edle\u017eitost, kterou mus\u00edte vyu\u017e\u00edt","url":"https:\/\/www.amoya.cz\/prilezitost-kterou-musite-vyuzit\/","datePublished":"2023-05-20","dateModified":"2024-05-21","mainEntityOfPage":"https:\/\/www.amoya.cz\/prilezitost-kterou-musite-vyuzit\/","author":{"@type":"Person","@id":"https:\/\/www.amoya.cz\/author\/#Person","name":"","url":"https:\/\/www.amoya.cz\/author\/","identifier":1,"image":{"@type":"ImageObject","@id":"https:\/\/secure.gravatar.com\/avatar\/4860d213c5bedfa07ff2b166ff7b069759f9dbf79eae813578c75f9f8cb939b7?s=96&d=mm&r=g","url":"https:\/\/secure.gravatar.com\/avatar\/4860d213c5bedfa07ff2b166ff7b069759f9dbf79eae813578c75f9f8cb939b7?s=96&d=mm&r=g","height":96,"width":96}},"publisher":{"@type":"Organization","name":"amoya.cz","logo":{"@type":"ImageObject","@id":"\/logo.png","url":"\/logo.png","width":600,"height":60}},"image":null,"wordCount":295,"keywords":null},{"@type":"Article","@id":"https:\/\/www.amoya.cz\/mok-zahrivany-tabak-nova-era-v-koureni-tabaku\/","headline":"Mok zah\u0159\u00edvan\u00fd tab\u00e1k: Nov\u00e1 \u00e9ra v kou\u0159en\u00ed tab\u00e1ku","url":"https:\/\/www.amoya.cz\/mok-zahrivany-tabak-nova-era-v-koureni-tabaku\/","datePublished":"2023-05-19","dateModified":"2023-05-31","mainEntityOfPage":"https:\/\/www.amoya.cz\/mok-zahrivany-tabak-nova-era-v-koureni-tabaku\/","author":{"@type":"Person","@id":"https:\/\/www.amoya.cz\/author\/#Person","name":"","url":"https:\/\/www.amoya.cz\/author\/","identifier":1,"image":{"@type":"ImageObject","@id":"https:\/\/secure.gravatar.com\/avatar\/4860d213c5bedfa07ff2b166ff7b069759f9dbf79eae813578c75f9f8cb939b7?s=96&d=mm&r=g","url":"https:\/\/secure.gravatar.com\/avatar\/4860d213c5bedfa07ff2b166ff7b069759f9dbf79eae813578c75f9f8cb939b7?s=96&d=mm&r=g","height":96,"width":96}},"publisher":{"@type":"Organization","name":"amoya.cz","logo":{"@type":"ImageObject","@id":"\/logo.png","url":"\/logo.png","width":600,"height":60}},"image":{"@type":"ImageObject","@id":"https:\/\/www.amoya.cz\/wp-content\/uploads\/yellow_9Kd2au.png","url":"https:\/\/www.amoya.cz\/wp-content\/uploads\/yellow_9Kd2au.png","height":0,"width":0},"wordCount":675,"keywords":null},{"@type":"Article","@id":"https:\/\/www.amoya.cz\/jak-vybrat-svatebni-stan-pro-dokonalou-svatbu-v-prirode\/","headline":"Jak vybrat svatebn\u00ed stan pro dokonalou svatbu v p\u0159\u00edrod\u011b","url":"https:\/\/www.amoya.cz\/jak-vybrat-svatebni-stan-pro-dokonalou-svatbu-v-prirode\/","datePublished":"2023-05-11","dateModified":"2023-05-09","mainEntityOfPage":"https:\/\/www.amoya.cz\/jak-vybrat-svatebni-stan-pro-dokonalou-svatbu-v-prirode\/","author":{"@type":"Person","@id":"https:\/\/www.amoya.cz\/author\/#Person","name":"","url":"https:\/\/www.amoya.cz\/author\/","identifier":1,"image":{"@type":"ImageObject","@id":"https:\/\/secure.gravatar.com\/avatar\/4860d213c5bedfa07ff2b166ff7b069759f9dbf79eae813578c75f9f8cb939b7?s=96&d=mm&r=g","url":"https:\/\/secure.gravatar.com\/avatar\/4860d213c5bedfa07ff2b166ff7b069759f9dbf79eae813578c75f9f8cb939b7?s=96&d=mm&r=g","height":96,"width":96}},"publisher":{"@type":"Organization","name":"amoya.cz","logo":{"@type":"ImageObject","@id":"\/logo.png","url":"\/logo.png","width":600,"height":60}},"image":{"@type":"ImageObject","@id":"https:\/\/www.amoya.cz\/wp-content\/uploads\/zahradni_stan_2WwdJG.png","url":"https:\/\/www.amoya.cz\/wp-content\/uploads\/zahradni_stan_2WwdJG.png","height":0,"width":0},"wordCount":650,"keywords":null},{"@type":"Article","@id":"https:\/\/www.amoya.cz\/netradicni-mista-pro-dovolenou\/","headline":"Netradi\u010dn\u00ed m\u00edsta pro dovolenou","url":"https:\/\/www.amoya.cz\/netradicni-mista-pro-dovolenou\/","datePublished":"2023-05-10","dateModified":"2023-05-22","mainEntityOfPage":"https:\/\/www.amoya.cz\/netradicni-mista-pro-dovolenou\/","author":{"@type":"Person","@id":"https:\/\/www.amoya.cz\/author\/#Person","name":"","url":"https:\/\/www.amoya.cz\/author\/","identifier":1,"image":{"@type":"ImageObject","@id":"https:\/\/secure.gravatar.com\/avatar\/4860d213c5bedfa07ff2b166ff7b069759f9dbf79eae813578c75f9f8cb939b7?s=96&d=mm&r=g","url":"https:\/\/secure.gravatar.com\/avatar\/4860d213c5bedfa07ff2b166ff7b069759f9dbf79eae813578c75f9f8cb939b7?s=96&d=mm&r=g","height":96,"width":96}},"publisher":{"@type":"Organization","name":"amoya.cz","logo":{"@type":"ImageObject","@id":"\/logo.png","url":"\/logo.png","width":600,"height":60}},"image":{"@type":"ImageObject","@id":"https:\/\/www.amoya.cz\/wp-content\/uploads\/strait-of-gibraltar-g644270e97_640.jpg","url":"https:\/\/www.amoya.cz\/wp-content\/uploads\/strait-of-gibraltar-g644270e97_640.jpg","height":0,"width":0},"wordCount":543,"keywords":null},{"@type":"Article","@id":"https:\/\/www.amoya.cz\/jak-zvolit-ten-spravny-kulaty-ubrus-pro-vasi-akci\/","headline":"Jak zvolit ten spr\u00e1vn\u00fd kulat\u00fd ubrus pro va\u0161i akci","url":"https:\/\/www.amoya.cz\/jak-zvolit-ten-spravny-kulaty-ubrus-pro-vasi-akci\/","datePublished":"2023-04-22","dateModified":"2023-05-04","mainEntityOfPage":"https:\/\/www.amoya.cz\/jak-zvolit-ten-spravny-kulaty-ubrus-pro-vasi-akci\/","author":{"@type":"Person","@id":"https:\/\/www.amoya.cz\/author\/#Person","name":"","url":"https:\/\/www.amoya.cz\/author\/","identifier":1,"image":{"@type":"ImageObject","@id":"https:\/\/secure.gravatar.com\/avatar\/4860d213c5bedfa07ff2b166ff7b069759f9dbf79eae813578c75f9f8cb939b7?s=96&d=mm&r=g","url":"https:\/\/secure.gravatar.com\/avatar\/4860d213c5bedfa07ff2b166ff7b069759f9dbf79eae813578c75f9f8cb939b7?s=96&d=mm&r=g","height":96,"width":96}},"publisher":{"@type":"Organization","name":"amoya.cz","logo":{"@type":"ImageObject","@id":"\/logo.png","url":"\/logo.png","width":600,"height":60}},"image":{"@type":"ImageObject","@id":"https:\/\/www.amoya.cz\/wp-content\/uploads\/kulaty_ubrus_t5VNFg.jpg","url":"https:\/\/www.amoya.cz\/wp-content\/uploads\/kulaty_ubrus_t5VNFg.jpg","height":0,"width":0},"wordCount":845,"keywords":null}]},{"@context":"https:\/\/schema.org","@type":"WebSite","@id":"https:\/\/www.amoya.cz\/#website","name":"Amoya","url":"https:\/\/www.amoya.cz","potentialAction":{"@type":"SearchAction","target":"https:\/\/www.amoya.cz\/?s={search_term_string}","query-input":"required name=search_term_string"}}]