[{"@context":"https:\/\/schema.org\/","@type":"Blog","@id":"https:\/\/www.amoya.cz#Blog","headline":"Amoya","description":"\nNev\u011b\u0159te v\u0161emu, co n\u011bkde od n\u011bkoho zaslechnete. Klepy nejsou dobr\u00fdm zdrojem v\u011bd\u011bn\u00ed. Ale klidn\u011b v\u011b\u0159te tomu, co v\u00e1m p\u0159edstav\u00edme na na\u0161\u00ed internetov\u00e9 str\u00e1nce.","url":"https:\/\/www.amoya.cz","hasPart":[{"@type":"Article","@id":"https:\/\/www.amoya.cz\/jak-zvolit-ten-spravny-kulaty-ubrus-pro-vasi-akci\/","headline":"Jak zvolit ten spr\u00e1vn\u00fd kulat\u00fd ubrus pro va\u0161i akci","url":"https:\/\/www.amoya.cz\/jak-zvolit-ten-spravny-kulaty-ubrus-pro-vasi-akci\/","datePublished":"2023-04-22","dateModified":"2023-05-04","mainEntityOfPage":"https:\/\/www.amoya.cz\/jak-zvolit-ten-spravny-kulaty-ubrus-pro-vasi-akci\/","author":{"@type":"Person","@id":"https:\/\/www.amoya.cz\/author\/#Person","name":"","url":"https:\/\/www.amoya.cz\/author\/","identifier":1,"image":{"@type":"ImageObject","@id":"https:\/\/secure.gravatar.com\/avatar\/4860d213c5bedfa07ff2b166ff7b069759f9dbf79eae813578c75f9f8cb939b7?s=96&d=mm&r=g","url":"https:\/\/secure.gravatar.com\/avatar\/4860d213c5bedfa07ff2b166ff7b069759f9dbf79eae813578c75f9f8cb939b7?s=96&d=mm&r=g","height":96,"width":96}},"publisher":{"@type":"Organization","name":"amoya.cz","logo":{"@type":"ImageObject","@id":"\/logo.png","url":"\/logo.png","width":600,"height":60}},"image":{"@type":"ImageObject","@id":"https:\/\/www.amoya.cz\/wp-content\/uploads\/kulaty_ubrus_t5VNFg.jpg","url":"https:\/\/www.amoya.cz\/wp-content\/uploads\/kulaty_ubrus_t5VNFg.jpg","height":0,"width":0},"wordCount":845,"keywords":null},{"@type":"Article","@id":"https:\/\/www.amoya.cz\/zabezpecovaci-zarizeni-pro-ochranu-bytu-i-pozemku\/","headline":"Zabezpe\u010dovac\u00ed za\u0159\u00edzen\u00ed pro ochranu bytu i pozemku!","url":"https:\/\/www.amoya.cz\/zabezpecovaci-zarizeni-pro-ochranu-bytu-i-pozemku\/","datePublished":"2023-04-14","dateModified":"2024-04-15","mainEntityOfPage":"https:\/\/www.amoya.cz\/zabezpecovaci-zarizeni-pro-ochranu-bytu-i-pozemku\/","author":{"@type":"Person","@id":"https:\/\/www.amoya.cz\/author\/#Person","name":"","url":"https:\/\/www.amoya.cz\/author\/","identifier":1,"image":{"@type":"ImageObject","@id":"https:\/\/secure.gravatar.com\/avatar\/4860d213c5bedfa07ff2b166ff7b069759f9dbf79eae813578c75f9f8cb939b7?s=96&d=mm&r=g","url":"https:\/\/secure.gravatar.com\/avatar\/4860d213c5bedfa07ff2b166ff7b069759f9dbf79eae813578c75f9f8cb939b7?s=96&d=mm&r=g","height":96,"width":96}},"publisher":{"@type":"Organization","name":"amoya.cz","logo":{"@type":"ImageObject","@id":"\/logo.png","url":"\/logo.png","width":600,"height":60}},"image":null,"wordCount":440,"keywords":null},{"@type":"Article","@id":"https:\/\/www.amoya.cz\/vytvorte-si-tricko-dle-sveho-vkusu-s-vlastnim-potiskem\/","headline":"Vytvo\u0159te si tri\u010dko dle sv\u00e9ho vkusu s vlastn\u00edm potiskem","url":"https:\/\/www.amoya.cz\/vytvorte-si-tricko-dle-sveho-vkusu-s-vlastnim-potiskem\/","datePublished":"2023-04-02","dateModified":"2023-05-04","mainEntityOfPage":"https:\/\/www.amoya.cz\/vytvorte-si-tricko-dle-sveho-vkusu-s-vlastnim-potiskem\/","author":{"@type":"Person","@id":"https:\/\/www.amoya.cz\/author\/#Person","name":"","url":"https:\/\/www.amoya.cz\/author\/","identifier":1,"image":{"@type":"ImageObject","@id":"https:\/\/secure.gravatar.com\/avatar\/4860d213c5bedfa07ff2b166ff7b069759f9dbf79eae813578c75f9f8cb939b7?s=96&d=mm&r=g","url":"https:\/\/secure.gravatar.com\/avatar\/4860d213c5bedfa07ff2b166ff7b069759f9dbf79eae813578c75f9f8cb939b7?s=96&d=mm&r=g","height":96,"width":96}},"publisher":{"@type":"Organization","name":"amoya.cz","logo":{"@type":"ImageObject","@id":"\/logo.png","url":"\/logo.png","width":600,"height":60}},"image":{"@type":"ImageObject","@id":"https:\/\/www.amoya.cz\/wp-content\/uploads\/tricka_mzj5wB.png","url":"https:\/\/www.amoya.cz\/wp-content\/uploads\/tricka_mzj5wB.png","height":0,"width":0},"wordCount":847,"keywords":null},{"@type":"Article","@id":"https:\/\/www.amoya.cz\/cenne-rady-pro-realizaci-vaseho-objektu-zarucene-vyuzijete-i-vy\/","headline":"Cenn\u00e9 rady pro realizaci va\u0161eho objektu zaru\u010den\u011b vyu\u017eijete i vy!","url":"https:\/\/www.amoya.cz\/cenne-rady-pro-realizaci-vaseho-objektu-zarucene-vyuzijete-i-vy\/","datePublished":"2023-03-08","dateModified":"2024-03-11","mainEntityOfPage":"https:\/\/www.amoya.cz\/cenne-rady-pro-realizaci-vaseho-objektu-zarucene-vyuzijete-i-vy\/","author":{"@type":"Person","@id":"https:\/\/www.amoya.cz\/author\/#Person","name":"","url":"https:\/\/www.amoya.cz\/author\/","identifier":1,"image":{"@type":"ImageObject","@id":"https:\/\/secure.gravatar.com\/avatar\/4860d213c5bedfa07ff2b166ff7b069759f9dbf79eae813578c75f9f8cb939b7?s=96&d=mm&r=g","url":"https:\/\/secure.gravatar.com\/avatar\/4860d213c5bedfa07ff2b166ff7b069759f9dbf79eae813578c75f9f8cb939b7?s=96&d=mm&r=g","height":96,"width":96}},"publisher":{"@type":"Organization","name":"amoya.cz","logo":{"@type":"ImageObject","@id":"\/logo.png","url":"\/logo.png","width":600,"height":60}},"image":null,"wordCount":466,"keywords":null},{"@type":"Article","@id":"https:\/\/www.amoya.cz\/znate-konopi\/","headline":"Zn\u00e1te konop\u00ed?","url":"https:\/\/www.amoya.cz\/znate-konopi\/","datePublished":"2023-02-17","dateModified":"2023-05-04","mainEntityOfPage":"https:\/\/www.amoya.cz\/znate-konopi\/","author":{"@type":"Person","@id":"https:\/\/www.amoya.cz\/author\/#Person","name":"","url":"https:\/\/www.amoya.cz\/author\/","identifier":1,"image":{"@type":"ImageObject","@id":"https:\/\/secure.gravatar.com\/avatar\/4860d213c5bedfa07ff2b166ff7b069759f9dbf79eae813578c75f9f8cb939b7?s=96&d=mm&r=g","url":"https:\/\/secure.gravatar.com\/avatar\/4860d213c5bedfa07ff2b166ff7b069759f9dbf79eae813578c75f9f8cb939b7?s=96&d=mm&r=g","height":96,"width":96}},"publisher":{"@type":"Organization","name":"amoya.cz","logo":{"@type":"ImageObject","@id":"\/logo.png","url":"\/logo.png","width":600,"height":60}},"image":{"@type":"ImageObject","@id":"https:\/\/www.amoya.cz\/wp-content\/uploads\/cbd-4474903_640_3.jpg","url":"https:\/\/www.amoya.cz\/wp-content\/uploads\/cbd-4474903_640_3.jpg","height":0,"width":0},"wordCount":557,"keywords":null},{"@type":"Article","@id":"https:\/\/www.amoya.cz\/pouziva-se-casteji-obycejna-vzduchotechnika-ci-prumyslova-vzduchotechnika-napriklad-ventilatory-icon15\/","headline":"Pou\u017e\u00edv\u00e1 se \u010dast\u011bji oby\u010dejn\u00e1 vzduchotechnika \u010di pr\u016fmyslov\u00e1 vzduchotechnika, nap\u0159\u00edklad ventil\u00e1tory iCON15?","url":"https:\/\/www.amoya.cz\/pouziva-se-casteji-obycejna-vzduchotechnika-ci-prumyslova-vzduchotechnika-napriklad-ventilatory-icon15\/","datePublished":"2023-02-08","dateModified":"2023-05-04","mainEntityOfPage":"https:\/\/www.amoya.cz\/pouziva-se-casteji-obycejna-vzduchotechnika-ci-prumyslova-vzduchotechnika-napriklad-ventilatory-icon15\/","author":{"@type":"Person","@id":"https:\/\/www.amoya.cz\/author\/#Person","name":"","url":"https:\/\/www.amoya.cz\/author\/","identifier":1,"image":{"@type":"ImageObject","@id":"https:\/\/secure.gravatar.com\/avatar\/4860d213c5bedfa07ff2b166ff7b069759f9dbf79eae813578c75f9f8cb939b7?s=96&d=mm&r=g","url":"https:\/\/secure.gravatar.com\/avatar\/4860d213c5bedfa07ff2b166ff7b069759f9dbf79eae813578c75f9f8cb939b7?s=96&d=mm&r=g","height":96,"width":96}},"publisher":{"@type":"Organization","name":"amoya.cz","logo":{"@type":"ImageObject","@id":"\/logo.png","url":"\/logo.png","width":600,"height":60}},"image":{"@type":"ImageObject","@id":"https:\/\/www.amoya.cz\/wp-content\/uploads\/vzduchotechnika2_6.jpg","url":"https:\/\/www.amoya.cz\/wp-content\/uploads\/vzduchotechnika2_6.jpg","height":0,"width":0},"wordCount":612,"keywords":null},{"@type":"Article","@id":"https:\/\/www.amoya.cz\/vysoke-budovy-potrebuji-vytahy\/","headline":"Vysok\u00e9 budovy pot\u0159ebuj\u00ed v\u00fdtahy","url":"https:\/\/www.amoya.cz\/vysoke-budovy-potrebuji-vytahy\/","datePublished":"2023-02-08","dateModified":"2023-05-04","mainEntityOfPage":"https:\/\/www.amoya.cz\/vysoke-budovy-potrebuji-vytahy\/","author":{"@type":"Person","@id":"https:\/\/www.amoya.cz\/author\/#Person","name":"","url":"https:\/\/www.amoya.cz\/author\/","identifier":1,"image":{"@type":"ImageObject","@id":"https:\/\/secure.gravatar.com\/avatar\/4860d213c5bedfa07ff2b166ff7b069759f9dbf79eae813578c75f9f8cb939b7?s=96&d=mm&r=g","url":"https:\/\/secure.gravatar.com\/avatar\/4860d213c5bedfa07ff2b166ff7b069759f9dbf79eae813578c75f9f8cb939b7?s=96&d=mm&r=g","height":96,"width":96}},"publisher":{"@type":"Organization","name":"amoya.cz","logo":{"@type":"ImageObject","@id":"\/logo.png","url":"\/logo.png","width":600,"height":60}},"image":{"@type":"ImageObject","@id":"https:\/\/www.amoya.cz\/wp-content\/uploads\/elevator-939515_640.jpg","url":"https:\/\/www.amoya.cz\/wp-content\/uploads\/elevator-939515_640.jpg","height":0,"width":0},"wordCount":570,"keywords":null},{"@type":"Article","@id":"https:\/\/www.amoya.cz\/je-prodej-plastovych-polotovaru-ci-prodej-polykarbonatovych-desek-nebo-plexisklo-prodej-vyhodny\/","headline":"Je prodej plastov\u00fdch polotovar\u016f \u010di prodej polykarbon\u00e1tov\u00fdch desek nebo plexisklo prodej v\u00fdhodn\u00fd?","url":"https:\/\/www.amoya.cz\/je-prodej-plastovych-polotovaru-ci-prodej-polykarbonatovych-desek-nebo-plexisklo-prodej-vyhodny\/","datePublished":"2023-02-08","dateModified":"2023-05-04","mainEntityOfPage":"https:\/\/www.amoya.cz\/je-prodej-plastovych-polotovaru-ci-prodej-polykarbonatovych-desek-nebo-plexisklo-prodej-vyhodny\/","author":{"@type":"Person","@id":"https:\/\/www.amoya.cz\/author\/#Person","name":"","url":"https:\/\/www.amoya.cz\/author\/","identifier":1,"image":{"@type":"ImageObject","@id":"https:\/\/secure.gravatar.com\/avatar\/4860d213c5bedfa07ff2b166ff7b069759f9dbf79eae813578c75f9f8cb939b7?s=96&d=mm&r=g","url":"https:\/\/secure.gravatar.com\/avatar\/4860d213c5bedfa07ff2b166ff7b069759f9dbf79eae813578c75f9f8cb939b7?s=96&d=mm&r=g","height":96,"width":96}},"publisher":{"@type":"Organization","name":"amoya.cz","logo":{"@type":"ImageObject","@id":"\/logo.png","url":"\/logo.png","width":600,"height":60}},"image":{"@type":"ImageObject","@id":"https:\/\/www.amoya.cz\/wp-content\/uploads\/plexisklo1.jpg","url":"https:\/\/www.amoya.cz\/wp-content\/uploads\/plexisklo1.jpg","height":0,"width":0},"wordCount":599,"keywords":null},{"@type":"Article","@id":"https:\/\/www.amoya.cz\/oznaceni-pro-vas-podnik\/","headline":"Ozna\u010den\u00ed pro v\u00e1\u0161 podnik","url":"https:\/\/www.amoya.cz\/oznaceni-pro-vas-podnik\/","datePublished":"2023-02-08","dateModified":"2023-05-04","mainEntityOfPage":"https:\/\/www.amoya.cz\/oznaceni-pro-vas-podnik\/","author":{"@type":"Person","@id":"https:\/\/www.amoya.cz\/author\/#Person","name":"","url":"https:\/\/www.amoya.cz\/author\/","identifier":1,"image":{"@type":"ImageObject","@id":"https:\/\/secure.gravatar.com\/avatar\/4860d213c5bedfa07ff2b166ff7b069759f9dbf79eae813578c75f9f8cb939b7?s=96&d=mm&r=g","url":"https:\/\/secure.gravatar.com\/avatar\/4860d213c5bedfa07ff2b166ff7b069759f9dbf79eae813578c75f9f8cb939b7?s=96&d=mm&r=g","height":96,"width":96}},"publisher":{"@type":"Organization","name":"amoya.cz","logo":{"@type":"ImageObject","@id":"\/logo.png","url":"\/logo.png","width":600,"height":60}},"image":{"@type":"ImageObject","@id":"https:\/\/www.amoya.cz\/wp-content\/uploads\/pexels-liza-summer-6348097.jpg","url":"https:\/\/www.amoya.cz\/wp-content\/uploads\/pexels-liza-summer-6348097.jpg","height":0,"width":0},"wordCount":589,"keywords":null},{"@type":"Article","@id":"https:\/\/www.amoya.cz\/proc-jsou-kvalitni-ocelove-konstrukce-stejne-jako-vyroba-ocelovych-konstrukci-a-montaze-strojniho-zarizeni-tak-drahe\/","headline":"Pro\u010d jsou kvalitn\u00ed ocelov\u00e9 konstrukce, stejn\u011b jako v\u00fdroba ocelov\u00fdch konstrukc\u00ed a mont\u00e1\u017ee strojn\u00edho za\u0159\u00edzen\u00ed tak drah\u00e9?","url":"https:\/\/www.amoya.cz\/proc-jsou-kvalitni-ocelove-konstrukce-stejne-jako-vyroba-ocelovych-konstrukci-a-montaze-strojniho-zarizeni-tak-drahe\/","datePublished":"2023-02-08","dateModified":"2023-05-04","mainEntityOfPage":"https:\/\/www.amoya.cz\/proc-jsou-kvalitni-ocelove-konstrukce-stejne-jako-vyroba-ocelovych-konstrukci-a-montaze-strojniho-zarizeni-tak-drahe\/","author":{"@type":"Person","@id":"https:\/\/www.amoya.cz\/author\/#Person","name":"","url":"https:\/\/www.amoya.cz\/author\/","identifier":1,"image":{"@type":"ImageObject","@id":"https:\/\/secure.gravatar.com\/avatar\/4860d213c5bedfa07ff2b166ff7b069759f9dbf79eae813578c75f9f8cb939b7?s=96&d=mm&r=g","url":"https:\/\/secure.gravatar.com\/avatar\/4860d213c5bedfa07ff2b166ff7b069759f9dbf79eae813578c75f9f8cb939b7?s=96&d=mm&r=g","height":96,"width":96}},"publisher":{"@type":"Organization","name":"amoya.cz","logo":{"@type":"ImageObject","@id":"\/logo.png","url":"\/logo.png","width":600,"height":60}},"image":{"@type":"ImageObject","@id":"https:\/\/www.amoya.cz\/wp-content\/uploads\/oceltrubka5_4.jpg","url":"https:\/\/www.amoya.cz\/wp-content\/uploads\/oceltrubka5_4.jpg","height":0,"width":0},"wordCount":613,"keywords":null}]},{"@context":"https:\/\/schema.org","@type":"WebSite","@id":"https:\/\/www.amoya.cz\/#website","name":"Amoya","url":"https:\/\/www.amoya.cz","potentialAction":{"@type":"SearchAction","target":"https:\/\/www.amoya.cz\/?s={search_term_string}","query-input":"required name=search_term_string"}}]