[{"@context":"https:\/\/schema.org\/","@type":"Article","@id":"https:\/\/www.amoya.cz\/preprava-masa\/#Article","mainEntityOfPage":"https:\/\/www.amoya.cz\/preprava-masa\/","headline":"P\u0159eprava masa","name":"P\u0159eprava masa","description":"P\u0159edpokl\u00e1d\u00e1m, \u017ee \u00fapln\u011b v\u0161echno m\u00e1 sv\u00e9 podm\u00ednky a dal\u0161\u00ed povinnosti, aby v\u0161e bylo v po\u0159\u00e1dku. Proto\u017ee v\u0161echno je na sv\u011bt\u011b kv\u016fli tomu, aby se to n\u011bjak dodr\u017eovalo nebo aby lid\u00e9 z toho m\u011bli pot\u011b\u0161en\u00ed. Vzpom\u00edn\u00e1m si, kdy\u017e jsem za\u010dala pracovat v obchod\u011b, kde se prod\u00e1valo sm\u00ed\u0161en\u00e9 zbo\u017e\u00ed. To je asi deset let zp\u00e1tky, ale \u0159eknu [&hellip;]","datePublished":"2023-05-28","dateModified":"2023-07-21","author":{"@type":"Person","@id":"https:\/\/www.amoya.cz\/author\/#Person","name":"","url":"https:\/\/www.amoya.cz\/author\/","identifier":1,"image":{"@type":"ImageObject","@id":"https:\/\/secure.gravatar.com\/avatar\/4860d213c5bedfa07ff2b166ff7b069759f9dbf79eae813578c75f9f8cb939b7?s=96&d=mm&r=g","url":"https:\/\/secure.gravatar.com\/avatar\/4860d213c5bedfa07ff2b166ff7b069759f9dbf79eae813578c75f9f8cb939b7?s=96&d=mm&r=g","height":96,"width":96}},"publisher":{"@type":"Organization","name":"amoya.cz","logo":{"@type":"ImageObject","@id":"\/logo.png","url":"\/logo.png","width":600,"height":60}},"image":{"@type":"ImageObject","@id":"https:\/\/www.amoya.cz\/wp-content\/uploads\/ground-meat-1747910_1280.jpg","url":"https:\/\/www.amoya.cz\/wp-content\/uploads\/ground-meat-1747910_1280.jpg","height":0,"width":0},"url":"https:\/\/www.amoya.cz\/preprava-masa\/","about":["Podnik\u00e1n\u00ed"],"wordCount":408,"articleBody":"       P\u0159edpokl\u00e1d\u00e1m, \u017ee \u00fapln\u011b v\u0161echno m\u00e1 sv\u00e9 podm\u00ednky a dal\u0161\u00ed povinnosti, aby v\u0161e bylo v po\u0159\u00e1dku. Proto\u017ee v\u0161echno je na sv\u011bt\u011b kv\u016fli tomu, aby se to n\u011bjak dodr\u017eovalo nebo aby lid\u00e9 z toho m\u011bli pot\u011b\u0161en\u00ed. Vzpom\u00edn\u00e1m si, kdy\u017e jsem za\u010dala pracovat v obchod\u011b, kde se prod\u00e1valo sm\u00ed\u0161en\u00e9 zbo\u017e\u00ed. To je asi deset let zp\u00e1tky, ale \u0159eknu v\u00e1m, \u017ee jsem se u toho v\u017edycky velice bavila. A to hlavn\u011b tak\u00e9 z toho d\u016fvodu, \u017ee jsme tam m\u011bli nedostatek person\u00e1lu a taky hlavn\u011b pracovn\u00edch pom\u016fcek. \u0158eknu v\u00e1m, \u017ee kdy\u017e jsme m\u011bli t\u0159eba tahat t\u011b\u017ek\u00e9 ta\u0161ky anebo dal\u0161\u00ed bedny, tak to byla opravdu pohroma. Kolikr\u00e1t se mi stalo, \u017ee mi ruply z\u00e1da, a dokonce jedna moje kolegyn\u011b musela na operaci, proto\u017ee u\u017e m\u011bla n\u011bco \u0161patn\u00e9ho s plot\u00fdnkami. Bylo opravdu obt\u00ed\u017en\u00e9 n\u011bco tahat, ani\u017e byste m\u011bli n\u011bkter\u00e9 p\u0159epravky anebo voz\u00edky \u010di palety, co by v\u00e1m o dost usnadnilo pr\u00e1ci. Kolikr\u00e1t jsem tak\u00e9 \u0159\u00edkala sv\u00e9mu zam\u011bstnavateli, \u017ee n\u00e1m by se v pr\u00e1ci hodily palety anebo n\u011bjak\u00fd vysokozdvi\u017en\u00fd voz\u00edk, abychom si u\u0161et\u0159ili pr\u00e1ci a tak\u00e9 zdrav\u00ed. A hlavn\u011b na\u0161e t\u011blo. My p\u0159eci nejsme v oceli a mysl\u00edm si, \u017ee ka\u017ed\u00fd \u010dlov\u011bk by m\u011bl m\u00edt n\u011bjak\u00e9 pracovn\u00ed pom\u016fcky, kter\u00e9 mu v\u0161echno usnadn\u00ed. A my, kdy\u017e jsme potom tak\u00e9 cht\u011bli p\u0159epravky na maso, tak n\u00e1m zam\u011bstnavatel \u0159\u00edkal, \u017ee n\u00e1m je\u0161t\u011b mus\u00ed vysta\u010dit ty star\u00e9 p\u0159epravky na maso, kter\u00e9 m\u00e1me u\u017e roky na sklad\u011b.Jenom\u017ee mi v\u011b\u0159te, ty star\u00e9 p\u0159epravky na maso u\u017e byly takov\u00e9 upatlan\u00e9 a podle m\u00e9ho n\u00e1zoru u\u017e tak\u00e9 nebyly nic moc. Tak\u017ee jsem sv\u00e9mu zam\u011bstnavateli \u0159ekla, jestli se nestyd\u00ed tohle takhle prezentovat v obchod\u011b. Nakonec to dopadlo tak, \u017ee \u0161\u00e9f z webov\u00e9 str\u00e1nky schoellerallibert.com objednal kvalitn\u00ed a pevn\u00e9 p\u0159epravky na maso, kter\u00e9 jsou zdravotn\u011b nez\u00e1vadn\u00e9 a kter\u00e9 odpov\u00eddaj\u00ed v\u0161em standard\u016fm kvality, A jsem opravdu nad\u0161en\u00e1, \u017ee to bylo opravdu perfektn\u00ed, proto\u017ee tyto p\u0159epravky na maso byly opravdu skv\u011bl\u00e9 a zvl\u00e1dly to, co slibovaly.                                                                                                                                                                                                                                                                                                                                                                                           4\/5 - (1 vote)        "},{"@context":"https:\/\/schema.org\/","@type":"BreadcrumbList","itemListElement":[{"@type":"ListItem","position":1,"name":"P\u0159eprava masa","item":"https:\/\/www.amoya.cz\/preprava-masa\/#breadcrumbitem"}]}]