[{"@context":"https:\/\/schema.org\/","@type":"Article","@id":"https:\/\/www.amoya.cz\/pro-pekne-vzpominky\/#Article","mainEntityOfPage":"https:\/\/www.amoya.cz\/pro-pekne-vzpominky\/","headline":"Pro p\u011bkn\u00e9 vzpom\u00ednky","name":"Pro p\u011bkn\u00e9 vzpom\u00ednky","description":"\u017d\u00e1dost o ruku by m\u011bla b\u00fdt vedena v hezk\u00e9m a p\u0159\u00edjemn\u00e9m prost\u0159ed\u00ed a hlavn\u011b v p\u0159\u00edjemn\u00e9m duchu a za p\u0159\u00edjemn\u00fdch okolnost\u00ed. Kdy\u017e u\u017e tato \u017e\u00e1dost prob\u011bhne, je jasn\u00e9, \u017ee n\u00e1sledovat budou svatebn\u00ed p\u0159\u00edpravy, na kter\u00e9 je pot\u0159eba vy\u010dlenit si dostatek \u010dasu a kter\u00e9 je t\u0159eba za\u010d\u00edt konat s dostate\u010dn\u00fdm p\u0159edstihem. Mus\u00ed toti\u017e padnout mnoh\u00e1 z\u00e1sadn\u00ed [&hellip;]","datePublished":"2024-11-09","dateModified":"2024-11-09","author":{"@type":"Person","@id":"https:\/\/www.amoya.cz\/author\/#Person","name":"","url":"https:\/\/www.amoya.cz\/author\/","identifier":1,"image":{"@type":"ImageObject","@id":"https:\/\/secure.gravatar.com\/avatar\/4860d213c5bedfa07ff2b166ff7b069759f9dbf79eae813578c75f9f8cb939b7?s=96&d=mm&r=g","url":"https:\/\/secure.gravatar.com\/avatar\/4860d213c5bedfa07ff2b166ff7b069759f9dbf79eae813578c75f9f8cb939b7?s=96&d=mm&r=g","height":96,"width":96}},"publisher":{"@type":"Organization","name":"amoya.cz","logo":{"@type":"ImageObject","@id":"\/logo.png","url":"\/logo.png","width":600,"height":60}},"url":"https:\/\/www.amoya.cz\/pro-pekne-vzpominky\/","wordCount":169,"articleBody":"\u017d\u00e1dost o ruku by m\u011bla b\u00fdt vedena v hezk\u00e9m a p\u0159\u00edjemn\u00e9m prost\u0159ed\u00ed a hlavn\u011b v p\u0159\u00edjemn\u00e9m duchu a za p\u0159\u00edjemn\u00fdch okolnost\u00ed. Kdy\u017e u\u017e tato \u017e\u00e1dost prob\u011bhne, je jasn\u00e9, \u017ee n\u00e1sledovat budou svatebn\u00ed p\u0159\u00edpravy, na kter\u00e9 je pot\u0159eba vy\u010dlenit si dostatek \u010dasu a kter\u00e9 je t\u0159eba za\u010d\u00edt konat s dostate\u010dn\u00fdm p\u0159edstihem. Mus\u00ed toti\u017e padnout mnoh\u00e1 z\u00e1sadn\u00ed rozhodnut\u00ed &#8211; nap\u0159\u00edklad, zda se bude svatba konat za tepl\u00e9ho po\u010das\u00ed a venku, t\u0159eba n\u011bkde v z\u00e1meck\u00e9m parku nebo zda rad\u011bji daj\u00ed budouc\u00ed \u017eenich a nev\u011bsta p\u0159ednost n\u011bjak\u00e9mu modern\u00edmu a nep\u0159\u00edli\u0161 romantick\u00e9mu prost\u0159ed\u00ed.Prvo\u0159ad\u00e1 z\u00e1le\u017eitostSou\u010d\u00e1st\u00ed svatebn\u00edch p\u0159\u00edprav jsou tak\u00e9 samoz\u0159ejm\u011bsnubn\u00ed prsteny &#8211; jejich koup\u011b &#8211; kter\u00e9 by se nikdy nem\u011bly dostat na druhou kolej a jejich\u017e v\u00fdb\u011br by nikdy nem\u011bl b\u00fdt usp\u011bch\u00e1n a odbyt.                                                                                                                                                                                                                                                                                                                                                                                                "},{"@context":"https:\/\/schema.org\/","@type":"BreadcrumbList","itemListElement":[{"@type":"ListItem","position":1,"name":"Pro p\u011bkn\u00e9 vzpom\u00ednky","item":"https:\/\/www.amoya.cz\/pro-pekne-vzpominky\/#breadcrumbitem"}]}]