[{"@context":"https:\/\/schema.org\/","@type":"Article","@id":"https:\/\/www.amoya.cz\/reklamni-textil\/#Article","mainEntityOfPage":"https:\/\/www.amoya.cz\/reklamni-textil\/","headline":"Reklamn\u00ed textil","name":"Reklamn\u00ed textil","description":"R\u00e1j reklamy. I tak by se dal pojmenovat sortiment, kter\u00fd V\u00e1m nab\u00edz\u00edme. Zna\u010dkov\u00fd reklamn\u00ed textil V\u00e1m dot\u00e1hne prezentaci firmy \u010di Va\u0161i jakoukoli osobn\u00ed po\u0159\u00e1danou akci nebo p\u00e1rty tam, kam pot\u0159ebujete. Prodat produkt \u010di zaujmout nebo pod\u011bkovat klient\u016fm. Tri\u010dka, vesty, bundy, kalhoty nebo k\u0161iltovky a \u0161\u00e1ly, radost ud\u011bl\u00e1te zam\u011bstnanc\u016fm a z\u00edsk\u00e1te jejich \u00fasm\u011bv p\u0159i prezentaci a [&hellip;]","datePublished":"2025-03-10","dateModified":"2025-03-10","author":{"@type":"Person","@id":"https:\/\/www.amoya.cz\/author\/#Person","name":"","url":"https:\/\/www.amoya.cz\/author\/","identifier":1,"image":{"@type":"ImageObject","@id":"https:\/\/secure.gravatar.com\/avatar\/4860d213c5bedfa07ff2b166ff7b069759f9dbf79eae813578c75f9f8cb939b7?s=96&d=mm&r=g","url":"https:\/\/secure.gravatar.com\/avatar\/4860d213c5bedfa07ff2b166ff7b069759f9dbf79eae813578c75f9f8cb939b7?s=96&d=mm&r=g","height":96,"width":96}},"publisher":{"@type":"Organization","name":"amoya.cz","logo":{"@type":"ImageObject","@id":"\/logo.png","url":"\/logo.png","width":600,"height":60}},"url":"https:\/\/www.amoya.cz\/reklamni-textil\/","wordCount":166,"articleBody":" R\u00e1j reklamy. I tak by se dal pojmenovat sortiment, kter\u00fd V\u00e1m nab\u00edz\u00edme. Zna\u010dkov\u00fd reklamn\u00ed textil V\u00e1m dot\u00e1hne prezentaci firmy \u010di Va\u0161i jakoukoli osobn\u00ed po\u0159\u00e1danou akci nebo p\u00e1rty tam, kam pot\u0159ebujete. Prodat produkt \u010di zaujmout nebo pod\u011bkovat klient\u016fm. Tri\u010dka, vesty, bundy, kalhoty nebo k\u0161iltovky a \u0161\u00e1ly, radost ud\u011bl\u00e1te zam\u011bstnanc\u016fm a z\u00edsk\u00e1te jejich \u00fasm\u011bv p\u0159i prezentaci a prodeji. Va\u0161e logo na reklamn\u00ed textil um\u00edst\u00ed na\u0161i reklamn\u00ed poradci a zkombinuj\u00ed barevnou kolekci. Styl tak bude m\u00edt stejnou my\u0161lenku, kterou chcete prezentovat. Zna\u010dka plat\u00ed v reklam\u011b obzvl\u00e1\u0161\u0165 D\u00e1rkov\u00e9 dopl\u0148ky a reklamn\u00ed textil nab\u00edz\u00edme p\u0159ehledn\u011b v sekc\u00edch p\u0159\u00edmo nab\u00edzej\u00edc\u00edch n\u00e1padit\u00e9 kombinace. Spolupracujeme se zna\u010dkov\u00fdmi v\u00fdrobci oble\u010den\u00ed, speci\u00e1ln\u00ed kvalita je p\u0159edpokladem pro profesion\u00e1ln\u00ed potisk \u010di v\u00fd\u0161ivku. Objedn\u00e1vky v\u010detn\u011b tisku zv\u00fdhod\u0148ujeme.                                                                                                                                                                                                                                                                                                                                                                                                "},{"@context":"https:\/\/schema.org\/","@type":"BreadcrumbList","itemListElement":[{"@type":"ListItem","position":1,"name":"Reklamn\u00ed textil","item":"https:\/\/www.amoya.cz\/reklamni-textil\/#breadcrumbitem"}]}]